{"id":6851,"date":"2022-05-05T17:28:01","date_gmt":"2022-05-05T17:28:01","guid":{"rendered":"https:\/\/kristall.ch\/?p=6851"},"modified":"2022-05-05T19:20:09","modified_gmt":"2022-05-05T19:20:09","slug":"votre-hotel-de-seminaire","status":"publish","type":"post","link":"https:\/\/kristall.ch\/fr\/votre-hotel-de-seminaire\/","title":{"rendered":"H\u00f4tel pour s\u00e9minaires"},"content":{"rendered":"<div class=\"et_pb_testimonial_description_inner\">\n<div class=\"et_pb_testimonial_content\">\n<p>Fribourg, mai 2022 \/ <a href=\"https:\/\/www.petergauch.ch\/\" target=\"_blank\" rel=\"noopener\">www.petergauch.ch<\/a><\/p>\n<\/div>\n<\/div>\n<p><span class=\"et_pb_testimonial_author\">Peter Gauch<\/span><\/p>\n<div dir=\"auto\">\n<div class=\"et_pb_testimonial_description_inner\">\n<div class=\"et_pb_testimonial_content\">\n<blockquote><p>Ch\u00e8re famille Breuer.<\/p>\n<p>Je vous f\u00e9licite pour la r\u00e9cente r\u00e9novation de votre h\u00f4tel et pour votre nouveau site web. Je me r\u00e9jouis de ces deux aspects, ayant d\u00e9j\u00e0 organis\u00e9 et dirig\u00e9 neuf s\u00e9minaires professionnels d&rsquo;une semaine avec un maximum de 30 personnes chacun dans votre h\u00f4tel Kristall-Saphir au cours des dix derni\u00e8res ann\u00e9es. Certes, votre h\u00f4tel n&rsquo;est pas un h\u00f4tel de s\u00e9minaire standard, mais c&rsquo;est justement pour cela qu&rsquo;il est agr\u00e9able et attrayant pour l&rsquo;organisation de s\u00e9minaires.<\/p>\n<p>Avec les participants et les intervenants, je me suis senti bien accueilli chez vous, notamment gr\u00e2ce \u00e0 l&rsquo;amabilit\u00e9 et \u00e0 la serviabilit\u00e9 de vos collaborateurs.<\/p><\/blockquote>\n<\/div>\n<\/div>\n<p>&nbsp;<\/p>\n<\/div>\n<div class=\"cxmmr5t8 oygrvhab hcukyx3x c1et5uql o9v6fnle ii04i59q\">\n<div dir=\"auto\">\n<div dir=\"auto\">Votre prochain s\u00e9minaire loin du stress quotidien ?!<\/div>\n<div dir=\"auto\">Notre nouvelle salle multifonctionnelle se pr\u00eate \u00e9galement tr\u00e8s bien \u00e0 l&rsquo;organisation de s\u00e9minaires, d&rsquo;ateliers ou d&rsquo;\u00e9v\u00e9nements de team building.<\/div>\n<p>D\u00e9couvrez nos offres dans le lien ci-dessous.<\/p>\n<\/div>\n<div dir=\"auto\"><\/div>\n<\/div>\n<div dir=\"auto\"><a href=\"https:\/\/kristall.ch\/gruppen-seminare\/\">https:\/\/kristall.ch\/gruppen-seminare\/<\/a><\/div>\n","protected":false},"excerpt":{"rendered":"<p>Fribourg, mai 2022 \/ www.petergauch.ch Peter Gauch Ch\u00e8re famille Breuer. Je vous f\u00e9licite pour la r\u00e9cente r\u00e9novation de votre h\u00f4tel et pour votre nouveau site web. Je me r\u00e9jouis de ces deux aspects, ayant d\u00e9j\u00e0 organis\u00e9 et dirig\u00e9 neuf s\u00e9minaires professionnels d&rsquo;une semaine avec un maximum de 30 personnes chacun dans votre h\u00f4tel Kristall-Saphir au [&hellip;]<\/p>\n","protected":false},"author":3,"featured_media":6856,"comment_status":"closed","ping_status":"closed","sticky":false,"template":"","format":"standard","meta":{"_et_pb_use_builder":"","_et_pb_old_content":"","_et_gb_content_width":"","footnotes":""},"categories":[18],"tags":[],"class_list":["post-6851","post","type-post","status-publish","format-standard","has-post-thumbnail","hentry","category-blog"],"yoast_head":"<!-- This site is optimized with the Yoast SEO plugin v27.5 - https:\/\/yoast.com\/product\/yoast-seo-wordpress\/ -->\n<title>H\u00f4tel pour s\u00e9minaires - Kristall-Saphir<\/title>\n<meta name=\"robots\" content=\"index, follow, max-snippet:-1, max-image-preview:large, max-video-preview:-1\" \/>\n<link rel=\"canonical\" href=\"https:\/\/kristall.ch\/fr\/votre-hotel-de-seminaire\/\" \/>\n<meta property=\"og:locale\" content=\"fr_FR\" \/>\n<meta property=\"og:type\" content=\"article\" \/>\n<meta property=\"og:title\" content=\"H\u00f4tel pour s\u00e9minaires - Kristall-Saphir\" \/>\n<meta property=\"og:description\" content=\"Fribourg, mai 2022 \/ www.petergauch.ch Peter Gauch Ch\u00e8re famille Breuer. Je vous f\u00e9licite pour la r\u00e9cente r\u00e9novation de votre h\u00f4tel et pour votre nouveau site web. Je me r\u00e9jouis de ces deux aspects, ayant d\u00e9j\u00e0 organis\u00e9 et dirig\u00e9 neuf s\u00e9minaires professionnels d&rsquo;une semaine avec un maximum de 30 personnes chacun dans votre h\u00f4tel Kristall-Saphir au [&hellip;]\" \/>\n<meta property=\"og:url\" content=\"https:\/\/kristall.ch\/fr\/votre-hotel-de-seminaire\/\" \/>\n<meta property=\"og:site_name\" content=\"Kristall-Saphir\" \/>\n<meta property=\"article:published_time\" content=\"2022-05-05T17:28:01+00:00\" \/>\n<meta property=\"article:modified_time\" content=\"2022-05-05T19:20:09+00:00\" \/>\n<meta property=\"og:image\" content=\"https:\/\/kristall.ch\/wp-content\/uploads\/2022\/05\/Seminarraum.jpg\" \/>\n\t<meta property=\"og:image:width\" content=\"2000\" \/>\n\t<meta property=\"og:image:height\" content=\"950\" \/>\n\t<meta property=\"og:image:type\" content=\"image\/jpeg\" \/>\n<meta name=\"author\" content=\"Dominic Anthamatten\" \/>\n<meta name=\"twitter:card\" content=\"summary_large_image\" \/>\n<meta name=\"twitter:label1\" content=\"\u00c9crit par\" \/>\n\t<meta name=\"twitter:data1\" content=\"Dominic Anthamatten\" \/>\n\t<meta name=\"twitter:label2\" content=\"Dur\u00e9e de lecture estim\u00e9e\" \/>\n\t<meta name=\"twitter:data2\" content=\"1 minute\" \/>\n<script type=\"application\/ld+json\" class=\"yoast-schema-graph\">{\"@context\":\"https:\\\/\\\/schema.org\",\"@graph\":[{\"@type\":\"Article\",\"@id\":\"https:\\\/\\\/kristall.ch\\\/fr\\\/votre-hotel-de-seminaire\\\/#article\",\"isPartOf\":{\"@id\":\"https:\\\/\\\/kristall.ch\\\/fr\\\/votre-hotel-de-seminaire\\\/\"},\"author\":{\"name\":\"Dominic Anthamatten\",\"@id\":\"https:\\\/\\\/kristall.ch\\\/#\\\/schema\\\/person\\\/bae44f214ea97ad2880ab5a86d83ed3b\"},\"headline\":\"H\u00f4tel pour s\u00e9minaires\",\"datePublished\":\"2022-05-05T17:28:01+00:00\",\"dateModified\":\"2022-05-05T19:20:09+00:00\",\"mainEntityOfPage\":{\"@id\":\"https:\\\/\\\/kristall.ch\\\/fr\\\/votre-hotel-de-seminaire\\\/\"},\"wordCount\":180,\"image\":{\"@id\":\"https:\\\/\\\/kristall.ch\\\/fr\\\/votre-hotel-de-seminaire\\\/#primaryimage\"},\"thumbnailUrl\":\"https:\\\/\\\/kristall.ch\\\/wp-content\\\/uploads\\\/2022\\\/05\\\/Seminarraum.avif\",\"articleSection\":[\"Blog\"],\"inLanguage\":\"fr-FR\"},{\"@type\":\"WebPage\",\"@id\":\"https:\\\/\\\/kristall.ch\\\/fr\\\/votre-hotel-de-seminaire\\\/\",\"url\":\"https:\\\/\\\/kristall.ch\\\/fr\\\/votre-hotel-de-seminaire\\\/\",\"name\":\"H\u00f4tel pour s\u00e9minaires - Kristall-Saphir\",\"isPartOf\":{\"@id\":\"https:\\\/\\\/kristall.ch\\\/#website\"},\"primaryImageOfPage\":{\"@id\":\"https:\\\/\\\/kristall.ch\\\/fr\\\/votre-hotel-de-seminaire\\\/#primaryimage\"},\"image\":{\"@id\":\"https:\\\/\\\/kristall.ch\\\/fr\\\/votre-hotel-de-seminaire\\\/#primaryimage\"},\"thumbnailUrl\":\"https:\\\/\\\/kristall.ch\\\/wp-content\\\/uploads\\\/2022\\\/05\\\/Seminarraum.avif\",\"datePublished\":\"2022-05-05T17:28:01+00:00\",\"dateModified\":\"2022-05-05T19:20:09+00:00\",\"author\":{\"@id\":\"https:\\\/\\\/kristall.ch\\\/#\\\/schema\\\/person\\\/bae44f214ea97ad2880ab5a86d83ed3b\"},\"breadcrumb\":{\"@id\":\"https:\\\/\\\/kristall.ch\\\/fr\\\/votre-hotel-de-seminaire\\\/#breadcrumb\"},\"inLanguage\":\"fr-FR\",\"potentialAction\":[{\"@type\":\"ReadAction\",\"target\":[\"https:\\\/\\\/kristall.ch\\\/fr\\\/votre-hotel-de-seminaire\\\/\"]}]},{\"@type\":\"ImageObject\",\"inLanguage\":\"fr-FR\",\"@id\":\"https:\\\/\\\/kristall.ch\\\/fr\\\/votre-hotel-de-seminaire\\\/#primaryimage\",\"url\":\"https:\\\/\\\/kristall.ch\\\/wp-content\\\/uploads\\\/2022\\\/05\\\/Seminarraum.avif\",\"contentUrl\":\"https:\\\/\\\/kristall.ch\\\/wp-content\\\/uploads\\\/2022\\\/05\\\/Seminarraum.avif\",\"width\":2000,\"height\":950,\"caption\":\"Travailler dans la salle de s\u00e9minaire\"},{\"@type\":\"BreadcrumbList\",\"@id\":\"https:\\\/\\\/kristall.ch\\\/fr\\\/votre-hotel-de-seminaire\\\/#breadcrumb\",\"itemListElement\":[{\"@type\":\"ListItem\",\"position\":1,\"name\":\"Home\",\"item\":\"https:\\\/\\\/kristall.ch\\\/\"},{\"@type\":\"ListItem\",\"position\":2,\"name\":\"H\u00f4tel pour s\u00e9minaires\"}]},{\"@type\":\"WebSite\",\"@id\":\"https:\\\/\\\/kristall.ch\\\/#website\",\"url\":\"https:\\\/\\\/kristall.ch\\\/\",\"name\":\"Kristall-Saphir\",\"description\":\"Das Hotel in Saas-Almagell\",\"potentialAction\":[{\"@type\":\"SearchAction\",\"target\":{\"@type\":\"EntryPoint\",\"urlTemplate\":\"https:\\\/\\\/kristall.ch\\\/?s={search_term_string}\"},\"query-input\":{\"@type\":\"PropertyValueSpecification\",\"valueRequired\":true,\"valueName\":\"search_term_string\"}}],\"inLanguage\":\"fr-FR\"},{\"@type\":\"Person\",\"@id\":\"https:\\\/\\\/kristall.ch\\\/#\\\/schema\\\/person\\\/bae44f214ea97ad2880ab5a86d83ed3b\",\"name\":\"Dominic Anthamatten\",\"image\":{\"@type\":\"ImageObject\",\"inLanguage\":\"fr-FR\",\"@id\":\"https:\\\/\\\/secure.gravatar.com\\\/avatar\\\/6bc7f54fe1d508710f2d652ef7ddb88491bcd3c2e5dcb70474bb5e19577e7c31?s=96&d=mm&r=g\",\"url\":\"https:\\\/\\\/secure.gravatar.com\\\/avatar\\\/6bc7f54fe1d508710f2d652ef7ddb88491bcd3c2e5dcb70474bb5e19577e7c31?s=96&d=mm&r=g\",\"contentUrl\":\"https:\\\/\\\/secure.gravatar.com\\\/avatar\\\/6bc7f54fe1d508710f2d652ef7ddb88491bcd3c2e5dcb70474bb5e19577e7c31?s=96&d=mm&r=g\",\"caption\":\"Dominic Anthamatten\"},\"url\":\"https:\\\/\\\/kristall.ch\\\/fr\\\/author\\\/dominic-an\\\/\"}]}<\/script>\n<!-- \/ Yoast SEO plugin. -->","yoast_head_json":{"title":"H\u00f4tel pour s\u00e9minaires - Kristall-Saphir","robots":{"index":"index","follow":"follow","max-snippet":"max-snippet:-1","max-image-preview":"max-image-preview:large","max-video-preview":"max-video-preview:-1"},"canonical":"https:\/\/kristall.ch\/fr\/votre-hotel-de-seminaire\/","og_locale":"fr_FR","og_type":"article","og_title":"H\u00f4tel pour s\u00e9minaires - Kristall-Saphir","og_description":"Fribourg, mai 2022 \/ www.petergauch.ch Peter Gauch Ch\u00e8re famille Breuer. Je vous f\u00e9licite pour la r\u00e9cente r\u00e9novation de votre h\u00f4tel et pour votre nouveau site web. Je me r\u00e9jouis de ces deux aspects, ayant d\u00e9j\u00e0 organis\u00e9 et dirig\u00e9 neuf s\u00e9minaires professionnels d&rsquo;une semaine avec un maximum de 30 personnes chacun dans votre h\u00f4tel Kristall-Saphir au [&hellip;]","og_url":"https:\/\/kristall.ch\/fr\/votre-hotel-de-seminaire\/","og_site_name":"Kristall-Saphir","article_published_time":"2022-05-05T17:28:01+00:00","article_modified_time":"2022-05-05T19:20:09+00:00","og_image":[{"width":2000,"height":950,"url":"https:\/\/kristall.ch\/wp-content\/uploads\/2022\/05\/Seminarraum.jpg","type":"image\/jpeg"}],"author":"Dominic Anthamatten","twitter_card":"summary_large_image","twitter_misc":{"\u00c9crit par":"Dominic Anthamatten","Dur\u00e9e de lecture estim\u00e9e":"1 minute"},"schema":{"@context":"https:\/\/schema.org","@graph":[{"@type":"Article","@id":"https:\/\/kristall.ch\/fr\/votre-hotel-de-seminaire\/#article","isPartOf":{"@id":"https:\/\/kristall.ch\/fr\/votre-hotel-de-seminaire\/"},"author":{"name":"Dominic Anthamatten","@id":"https:\/\/kristall.ch\/#\/schema\/person\/bae44f214ea97ad2880ab5a86d83ed3b"},"headline":"H\u00f4tel pour s\u00e9minaires","datePublished":"2022-05-05T17:28:01+00:00","dateModified":"2022-05-05T19:20:09+00:00","mainEntityOfPage":{"@id":"https:\/\/kristall.ch\/fr\/votre-hotel-de-seminaire\/"},"wordCount":180,"image":{"@id":"https:\/\/kristall.ch\/fr\/votre-hotel-de-seminaire\/#primaryimage"},"thumbnailUrl":"https:\/\/kristall.ch\/wp-content\/uploads\/2022\/05\/Seminarraum.avif","articleSection":["Blog"],"inLanguage":"fr-FR"},{"@type":"WebPage","@id":"https:\/\/kristall.ch\/fr\/votre-hotel-de-seminaire\/","url":"https:\/\/kristall.ch\/fr\/votre-hotel-de-seminaire\/","name":"H\u00f4tel pour s\u00e9minaires - Kristall-Saphir","isPartOf":{"@id":"https:\/\/kristall.ch\/#website"},"primaryImageOfPage":{"@id":"https:\/\/kristall.ch\/fr\/votre-hotel-de-seminaire\/#primaryimage"},"image":{"@id":"https:\/\/kristall.ch\/fr\/votre-hotel-de-seminaire\/#primaryimage"},"thumbnailUrl":"https:\/\/kristall.ch\/wp-content\/uploads\/2022\/05\/Seminarraum.avif","datePublished":"2022-05-05T17:28:01+00:00","dateModified":"2022-05-05T19:20:09+00:00","author":{"@id":"https:\/\/kristall.ch\/#\/schema\/person\/bae44f214ea97ad2880ab5a86d83ed3b"},"breadcrumb":{"@id":"https:\/\/kristall.ch\/fr\/votre-hotel-de-seminaire\/#breadcrumb"},"inLanguage":"fr-FR","potentialAction":[{"@type":"ReadAction","target":["https:\/\/kristall.ch\/fr\/votre-hotel-de-seminaire\/"]}]},{"@type":"ImageObject","inLanguage":"fr-FR","@id":"https:\/\/kristall.ch\/fr\/votre-hotel-de-seminaire\/#primaryimage","url":"https:\/\/kristall.ch\/wp-content\/uploads\/2022\/05\/Seminarraum.avif","contentUrl":"https:\/\/kristall.ch\/wp-content\/uploads\/2022\/05\/Seminarraum.avif","width":2000,"height":950,"caption":"Travailler dans la salle de s\u00e9minaire"},{"@type":"BreadcrumbList","@id":"https:\/\/kristall.ch\/fr\/votre-hotel-de-seminaire\/#breadcrumb","itemListElement":[{"@type":"ListItem","position":1,"name":"Home","item":"https:\/\/kristall.ch\/"},{"@type":"ListItem","position":2,"name":"H\u00f4tel pour s\u00e9minaires"}]},{"@type":"WebSite","@id":"https:\/\/kristall.ch\/#website","url":"https:\/\/kristall.ch\/","name":"Kristall-Saphir","description":"Das Hotel in Saas-Almagell","potentialAction":[{"@type":"SearchAction","target":{"@type":"EntryPoint","urlTemplate":"https:\/\/kristall.ch\/?s={search_term_string}"},"query-input":{"@type":"PropertyValueSpecification","valueRequired":true,"valueName":"search_term_string"}}],"inLanguage":"fr-FR"},{"@type":"Person","@id":"https:\/\/kristall.ch\/#\/schema\/person\/bae44f214ea97ad2880ab5a86d83ed3b","name":"Dominic Anthamatten","image":{"@type":"ImageObject","inLanguage":"fr-FR","@id":"https:\/\/secure.gravatar.com\/avatar\/6bc7f54fe1d508710f2d652ef7ddb88491bcd3c2e5dcb70474bb5e19577e7c31?s=96&d=mm&r=g","url":"https:\/\/secure.gravatar.com\/avatar\/6bc7f54fe1d508710f2d652ef7ddb88491bcd3c2e5dcb70474bb5e19577e7c31?s=96&d=mm&r=g","contentUrl":"https:\/\/secure.gravatar.com\/avatar\/6bc7f54fe1d508710f2d652ef7ddb88491bcd3c2e5dcb70474bb5e19577e7c31?s=96&d=mm&r=g","caption":"Dominic Anthamatten"},"url":"https:\/\/kristall.ch\/fr\/author\/dominic-an\/"}]}},"_links":{"self":[{"href":"https:\/\/kristall.ch\/fr\/wp-json\/wp\/v2\/posts\/6851","targetHints":{"allow":["GET"]}}],"collection":[{"href":"https:\/\/kristall.ch\/fr\/wp-json\/wp\/v2\/posts"}],"about":[{"href":"https:\/\/kristall.ch\/fr\/wp-json\/wp\/v2\/types\/post"}],"author":[{"embeddable":true,"href":"https:\/\/kristall.ch\/fr\/wp-json\/wp\/v2\/users\/3"}],"replies":[{"embeddable":true,"href":"https:\/\/kristall.ch\/fr\/wp-json\/wp\/v2\/comments?post=6851"}],"version-history":[{"count":0,"href":"https:\/\/kristall.ch\/fr\/wp-json\/wp\/v2\/posts\/6851\/revisions"}],"wp:featuredmedia":[{"embeddable":true,"href":"https:\/\/kristall.ch\/fr\/wp-json\/wp\/v2\/media\/6856"}],"wp:attachment":[{"href":"https:\/\/kristall.ch\/fr\/wp-json\/wp\/v2\/media?parent=6851"}],"wp:term":[{"taxonomy":"category","embeddable":true,"href":"https:\/\/kristall.ch\/fr\/wp-json\/wp\/v2\/categories?post=6851"},{"taxonomy":"post_tag","embeddable":true,"href":"https:\/\/kristall.ch\/fr\/wp-json\/wp\/v2\/tags?post=6851"}],"curies":[{"name":"wp","href":"https:\/\/api.w.org\/{rel}","templated":true}]}}