{"id":6842,"date":"2022-05-05T15:04:15","date_gmt":"2022-05-05T15:04:15","guid":{"rendered":"https:\/\/kristall.ch\/?p=6842"},"modified":"2022-06-20T11:20:51","modified_gmt":"2022-06-20T11:20:51","slug":"carte-de-la-vallee-de-saas","status":"publish","type":"post","link":"https:\/\/kristall.ch\/fr\/carte-de-la-vallee-de-saas\/","title":{"rendered":"Carte de la vall\u00e9e de Saas"},"content":{"rendered":"<p>Avec la SaastalCard, vous pouvez vous d\u00e9placer chez nous sans stress et en toute mobilit\u00e9, m\u00eame en \u00e9t\u00e9 et en automne !<\/p>\n<p>D\u00e8s la 1\u00e8re nuit\u00e9e, la SaastalCard vous permet d&rsquo;utiliser gratuitement les remont\u00e9es m\u00e9caniques de la vall\u00e9e de Saas (sauf Metro Alpin). Tous les trajets en CarPostal dans la vall\u00e9e de Saas sont \u00e9galement inclus (non valable pour l&rsquo;arriv\u00e9e et le d\u00e9part en CarPostal). De plus, vous b\u00e9n\u00e9ficiez de r\u00e9ductions allant jusqu&rsquo;\u00e0 30 % sur un total de 36 offres.<\/p>\n<p><a href=\"https:\/\/www.saas-fee.ch\/de\/saastalcard\/saastalcard-im-sommer\">https:\/\/www.saas-fee.ch\/de\/saastalcard\/saastalcard-im-sommer<\/a><\/p>\n","protected":false},"excerpt":{"rendered":"<p>Avec la SaastalCard, vous pouvez vous d\u00e9placer chez nous sans stress et en toute mobilit\u00e9, m\u00eame en \u00e9t\u00e9 et en automne ! D\u00e8s la 1\u00e8re nuit\u00e9e, la SaastalCard vous permet d&rsquo;utiliser gratuitement les remont\u00e9es m\u00e9caniques de la vall\u00e9e de Saas (sauf Metro Alpin). Tous les trajets en CarPostal dans la vall\u00e9e de Saas sont \u00e9galement [&hellip;]<\/p>\n","protected":false},"author":3,"featured_media":6837,"comment_status":"closed","ping_status":"closed","sticky":false,"template":"","format":"standard","meta":{"_et_pb_use_builder":"","_et_pb_old_content":"","_et_gb_content_width":"","footnotes":""},"categories":[18],"tags":[],"class_list":["post-6842","post","type-post","status-publish","format-standard","has-post-thumbnail","hentry","category-blog"],"yoast_head":"<!-- This site is optimized with the Yoast SEO plugin v27.5 - https:\/\/yoast.com\/product\/yoast-seo-wordpress\/ -->\n<title>Carte de la vall\u00e9e de Saas - Kristall-Saphir<\/title>\n<meta name=\"robots\" content=\"index, follow, max-snippet:-1, max-image-preview:large, max-video-preview:-1\" \/>\n<link rel=\"canonical\" href=\"https:\/\/kristall.ch\/fr\/carte-de-la-vallee-de-saas\/\" \/>\n<meta property=\"og:locale\" content=\"fr_FR\" \/>\n<meta property=\"og:type\" content=\"article\" \/>\n<meta property=\"og:title\" content=\"Carte de la vall\u00e9e de Saas - Kristall-Saphir\" \/>\n<meta property=\"og:description\" content=\"Avec la SaastalCard, vous pouvez vous d\u00e9placer chez nous sans stress et en toute mobilit\u00e9, m\u00eame en \u00e9t\u00e9 et en automne ! D\u00e8s la 1\u00e8re nuit\u00e9e, la SaastalCard vous permet d&rsquo;utiliser gratuitement les remont\u00e9es m\u00e9caniques de la vall\u00e9e de Saas (sauf Metro Alpin). Tous les trajets en CarPostal dans la vall\u00e9e de Saas sont \u00e9galement [&hellip;]\" \/>\n<meta property=\"og:url\" content=\"https:\/\/kristall.ch\/fr\/carte-de-la-vallee-de-saas\/\" \/>\n<meta property=\"og:site_name\" content=\"Kristall-Saphir\" \/>\n<meta property=\"article:published_time\" content=\"2022-05-05T15:04:15+00:00\" \/>\n<meta property=\"article:modified_time\" content=\"2022-06-20T11:20:51+00:00\" \/>\n<meta property=\"og:image\" content=\"https:\/\/kristall.ch\/wp-content\/uploads\/2022\/04\/SaastalCard-inklusive-Hotel-Kristall-Saphir-Saas-Almagell-Saas-Fee-Saastal.jpg\" \/>\n\t<meta property=\"og:image:width\" content=\"591\" \/>\n\t<meta property=\"og:image:height\" content=\"591\" \/>\n\t<meta property=\"og:image:type\" content=\"image\/jpeg\" \/>\n<meta name=\"author\" content=\"Dominic Anthamatten\" \/>\n<meta name=\"twitter:card\" content=\"summary_large_image\" \/>\n<meta name=\"twitter:label1\" content=\"\u00c9crit par\" \/>\n\t<meta name=\"twitter:data1\" content=\"Dominic Anthamatten\" \/>\n<script type=\"application\/ld+json\" class=\"yoast-schema-graph\">{\"@context\":\"https:\\\/\\\/schema.org\",\"@graph\":[{\"@type\":\"Article\",\"@id\":\"https:\\\/\\\/kristall.ch\\\/fr\\\/carte-de-la-vallee-de-saas\\\/#article\",\"isPartOf\":{\"@id\":\"https:\\\/\\\/kristall.ch\\\/fr\\\/carte-de-la-vallee-de-saas\\\/\"},\"author\":{\"name\":\"Dominic Anthamatten\",\"@id\":\"https:\\\/\\\/kristall.ch\\\/#\\\/schema\\\/person\\\/bae44f214ea97ad2880ab5a86d83ed3b\"},\"headline\":\"Carte de la vall\u00e9e de Saas\",\"datePublished\":\"2022-05-05T15:04:15+00:00\",\"dateModified\":\"2022-06-20T11:20:51+00:00\",\"mainEntityOfPage\":{\"@id\":\"https:\\\/\\\/kristall.ch\\\/fr\\\/carte-de-la-vallee-de-saas\\\/\"},\"wordCount\":106,\"image\":{\"@id\":\"https:\\\/\\\/kristall.ch\\\/fr\\\/carte-de-la-vallee-de-saas\\\/#primaryimage\"},\"thumbnailUrl\":\"https:\\\/\\\/kristall.ch\\\/wp-content\\\/uploads\\\/2022\\\/04\\\/SaastalCard-inklusive-Hotel-Kristall-Saphir-Saas-Almagell-Saas-Fee-Saastal.avif\",\"articleSection\":[\"Blog\"],\"inLanguage\":\"fr-FR\"},{\"@type\":\"WebPage\",\"@id\":\"https:\\\/\\\/kristall.ch\\\/fr\\\/carte-de-la-vallee-de-saas\\\/\",\"url\":\"https:\\\/\\\/kristall.ch\\\/fr\\\/carte-de-la-vallee-de-saas\\\/\",\"name\":\"Carte de la vall\u00e9e de Saas - Kristall-Saphir\",\"isPartOf\":{\"@id\":\"https:\\\/\\\/kristall.ch\\\/#website\"},\"primaryImageOfPage\":{\"@id\":\"https:\\\/\\\/kristall.ch\\\/fr\\\/carte-de-la-vallee-de-saas\\\/#primaryimage\"},\"image\":{\"@id\":\"https:\\\/\\\/kristall.ch\\\/fr\\\/carte-de-la-vallee-de-saas\\\/#primaryimage\"},\"thumbnailUrl\":\"https:\\\/\\\/kristall.ch\\\/wp-content\\\/uploads\\\/2022\\\/04\\\/SaastalCard-inklusive-Hotel-Kristall-Saphir-Saas-Almagell-Saas-Fee-Saastal.avif\",\"datePublished\":\"2022-05-05T15:04:15+00:00\",\"dateModified\":\"2022-06-20T11:20:51+00:00\",\"author\":{\"@id\":\"https:\\\/\\\/kristall.ch\\\/#\\\/schema\\\/person\\\/bae44f214ea97ad2880ab5a86d83ed3b\"},\"breadcrumb\":{\"@id\":\"https:\\\/\\\/kristall.ch\\\/fr\\\/carte-de-la-vallee-de-saas\\\/#breadcrumb\"},\"inLanguage\":\"fr-FR\",\"potentialAction\":[{\"@type\":\"ReadAction\",\"target\":[\"https:\\\/\\\/kristall.ch\\\/fr\\\/carte-de-la-vallee-de-saas\\\/\"]}]},{\"@type\":\"ImageObject\",\"inLanguage\":\"fr-FR\",\"@id\":\"https:\\\/\\\/kristall.ch\\\/fr\\\/carte-de-la-vallee-de-saas\\\/#primaryimage\",\"url\":\"https:\\\/\\\/kristall.ch\\\/wp-content\\\/uploads\\\/2022\\\/04\\\/SaastalCard-inklusive-Hotel-Kristall-Saphir-Saas-Almagell-Saas-Fee-Saastal.avif\",\"contentUrl\":\"https:\\\/\\\/kristall.ch\\\/wp-content\\\/uploads\\\/2022\\\/04\\\/SaastalCard-inklusive-Hotel-Kristall-Saphir-Saas-Almagell-Saas-Fee-Saastal.avif\",\"width\":591,\"height\":591},{\"@type\":\"BreadcrumbList\",\"@id\":\"https:\\\/\\\/kristall.ch\\\/fr\\\/carte-de-la-vallee-de-saas\\\/#breadcrumb\",\"itemListElement\":[{\"@type\":\"ListItem\",\"position\":1,\"name\":\"Home\",\"item\":\"https:\\\/\\\/kristall.ch\\\/\"},{\"@type\":\"ListItem\",\"position\":2,\"name\":\"Carte de la vall\u00e9e de Saas\"}]},{\"@type\":\"WebSite\",\"@id\":\"https:\\\/\\\/kristall.ch\\\/#website\",\"url\":\"https:\\\/\\\/kristall.ch\\\/\",\"name\":\"Kristall-Saphir\",\"description\":\"Das Hotel in Saas-Almagell\",\"potentialAction\":[{\"@type\":\"SearchAction\",\"target\":{\"@type\":\"EntryPoint\",\"urlTemplate\":\"https:\\\/\\\/kristall.ch\\\/?s={search_term_string}\"},\"query-input\":{\"@type\":\"PropertyValueSpecification\",\"valueRequired\":true,\"valueName\":\"search_term_string\"}}],\"inLanguage\":\"fr-FR\"},{\"@type\":\"Person\",\"@id\":\"https:\\\/\\\/kristall.ch\\\/#\\\/schema\\\/person\\\/bae44f214ea97ad2880ab5a86d83ed3b\",\"name\":\"Dominic Anthamatten\",\"image\":{\"@type\":\"ImageObject\",\"inLanguage\":\"fr-FR\",\"@id\":\"https:\\\/\\\/secure.gravatar.com\\\/avatar\\\/6bc7f54fe1d508710f2d652ef7ddb88491bcd3c2e5dcb70474bb5e19577e7c31?s=96&d=mm&r=g\",\"url\":\"https:\\\/\\\/secure.gravatar.com\\\/avatar\\\/6bc7f54fe1d508710f2d652ef7ddb88491bcd3c2e5dcb70474bb5e19577e7c31?s=96&d=mm&r=g\",\"contentUrl\":\"https:\\\/\\\/secure.gravatar.com\\\/avatar\\\/6bc7f54fe1d508710f2d652ef7ddb88491bcd3c2e5dcb70474bb5e19577e7c31?s=96&d=mm&r=g\",\"caption\":\"Dominic Anthamatten\"},\"url\":\"https:\\\/\\\/kristall.ch\\\/fr\\\/author\\\/dominic-an\\\/\"}]}<\/script>\n<!-- \/ Yoast SEO plugin. -->","yoast_head_json":{"title":"Carte de la vall\u00e9e de Saas - Kristall-Saphir","robots":{"index":"index","follow":"follow","max-snippet":"max-snippet:-1","max-image-preview":"max-image-preview:large","max-video-preview":"max-video-preview:-1"},"canonical":"https:\/\/kristall.ch\/fr\/carte-de-la-vallee-de-saas\/","og_locale":"fr_FR","og_type":"article","og_title":"Carte de la vall\u00e9e de Saas - Kristall-Saphir","og_description":"Avec la SaastalCard, vous pouvez vous d\u00e9placer chez nous sans stress et en toute mobilit\u00e9, m\u00eame en \u00e9t\u00e9 et en automne ! D\u00e8s la 1\u00e8re nuit\u00e9e, la SaastalCard vous permet d&rsquo;utiliser gratuitement les remont\u00e9es m\u00e9caniques de la vall\u00e9e de Saas (sauf Metro Alpin). Tous les trajets en CarPostal dans la vall\u00e9e de Saas sont \u00e9galement [&hellip;]","og_url":"https:\/\/kristall.ch\/fr\/carte-de-la-vallee-de-saas\/","og_site_name":"Kristall-Saphir","article_published_time":"2022-05-05T15:04:15+00:00","article_modified_time":"2022-06-20T11:20:51+00:00","og_image":[{"width":591,"height":591,"url":"https:\/\/kristall.ch\/wp-content\/uploads\/2022\/04\/SaastalCard-inklusive-Hotel-Kristall-Saphir-Saas-Almagell-Saas-Fee-Saastal.jpg","type":"image\/jpeg"}],"author":"Dominic Anthamatten","twitter_card":"summary_large_image","twitter_misc":{"\u00c9crit par":"Dominic Anthamatten"},"schema":{"@context":"https:\/\/schema.org","@graph":[{"@type":"Article","@id":"https:\/\/kristall.ch\/fr\/carte-de-la-vallee-de-saas\/#article","isPartOf":{"@id":"https:\/\/kristall.ch\/fr\/carte-de-la-vallee-de-saas\/"},"author":{"name":"Dominic Anthamatten","@id":"https:\/\/kristall.ch\/#\/schema\/person\/bae44f214ea97ad2880ab5a86d83ed3b"},"headline":"Carte de la vall\u00e9e de Saas","datePublished":"2022-05-05T15:04:15+00:00","dateModified":"2022-06-20T11:20:51+00:00","mainEntityOfPage":{"@id":"https:\/\/kristall.ch\/fr\/carte-de-la-vallee-de-saas\/"},"wordCount":106,"image":{"@id":"https:\/\/kristall.ch\/fr\/carte-de-la-vallee-de-saas\/#primaryimage"},"thumbnailUrl":"https:\/\/kristall.ch\/wp-content\/uploads\/2022\/04\/SaastalCard-inklusive-Hotel-Kristall-Saphir-Saas-Almagell-Saas-Fee-Saastal.avif","articleSection":["Blog"],"inLanguage":"fr-FR"},{"@type":"WebPage","@id":"https:\/\/kristall.ch\/fr\/carte-de-la-vallee-de-saas\/","url":"https:\/\/kristall.ch\/fr\/carte-de-la-vallee-de-saas\/","name":"Carte de la vall\u00e9e de Saas - Kristall-Saphir","isPartOf":{"@id":"https:\/\/kristall.ch\/#website"},"primaryImageOfPage":{"@id":"https:\/\/kristall.ch\/fr\/carte-de-la-vallee-de-saas\/#primaryimage"},"image":{"@id":"https:\/\/kristall.ch\/fr\/carte-de-la-vallee-de-saas\/#primaryimage"},"thumbnailUrl":"https:\/\/kristall.ch\/wp-content\/uploads\/2022\/04\/SaastalCard-inklusive-Hotel-Kristall-Saphir-Saas-Almagell-Saas-Fee-Saastal.avif","datePublished":"2022-05-05T15:04:15+00:00","dateModified":"2022-06-20T11:20:51+00:00","author":{"@id":"https:\/\/kristall.ch\/#\/schema\/person\/bae44f214ea97ad2880ab5a86d83ed3b"},"breadcrumb":{"@id":"https:\/\/kristall.ch\/fr\/carte-de-la-vallee-de-saas\/#breadcrumb"},"inLanguage":"fr-FR","potentialAction":[{"@type":"ReadAction","target":["https:\/\/kristall.ch\/fr\/carte-de-la-vallee-de-saas\/"]}]},{"@type":"ImageObject","inLanguage":"fr-FR","@id":"https:\/\/kristall.ch\/fr\/carte-de-la-vallee-de-saas\/#primaryimage","url":"https:\/\/kristall.ch\/wp-content\/uploads\/2022\/04\/SaastalCard-inklusive-Hotel-Kristall-Saphir-Saas-Almagell-Saas-Fee-Saastal.avif","contentUrl":"https:\/\/kristall.ch\/wp-content\/uploads\/2022\/04\/SaastalCard-inklusive-Hotel-Kristall-Saphir-Saas-Almagell-Saas-Fee-Saastal.avif","width":591,"height":591},{"@type":"BreadcrumbList","@id":"https:\/\/kristall.ch\/fr\/carte-de-la-vallee-de-saas\/#breadcrumb","itemListElement":[{"@type":"ListItem","position":1,"name":"Home","item":"https:\/\/kristall.ch\/"},{"@type":"ListItem","position":2,"name":"Carte de la vall\u00e9e de Saas"}]},{"@type":"WebSite","@id":"https:\/\/kristall.ch\/#website","url":"https:\/\/kristall.ch\/","name":"Kristall-Saphir","description":"Das Hotel in Saas-Almagell","potentialAction":[{"@type":"SearchAction","target":{"@type":"EntryPoint","urlTemplate":"https:\/\/kristall.ch\/?s={search_term_string}"},"query-input":{"@type":"PropertyValueSpecification","valueRequired":true,"valueName":"search_term_string"}}],"inLanguage":"fr-FR"},{"@type":"Person","@id":"https:\/\/kristall.ch\/#\/schema\/person\/bae44f214ea97ad2880ab5a86d83ed3b","name":"Dominic Anthamatten","image":{"@type":"ImageObject","inLanguage":"fr-FR","@id":"https:\/\/secure.gravatar.com\/avatar\/6bc7f54fe1d508710f2d652ef7ddb88491bcd3c2e5dcb70474bb5e19577e7c31?s=96&d=mm&r=g","url":"https:\/\/secure.gravatar.com\/avatar\/6bc7f54fe1d508710f2d652ef7ddb88491bcd3c2e5dcb70474bb5e19577e7c31?s=96&d=mm&r=g","contentUrl":"https:\/\/secure.gravatar.com\/avatar\/6bc7f54fe1d508710f2d652ef7ddb88491bcd3c2e5dcb70474bb5e19577e7c31?s=96&d=mm&r=g","caption":"Dominic Anthamatten"},"url":"https:\/\/kristall.ch\/fr\/author\/dominic-an\/"}]}},"_links":{"self":[{"href":"https:\/\/kristall.ch\/fr\/wp-json\/wp\/v2\/posts\/6842","targetHints":{"allow":["GET"]}}],"collection":[{"href":"https:\/\/kristall.ch\/fr\/wp-json\/wp\/v2\/posts"}],"about":[{"href":"https:\/\/kristall.ch\/fr\/wp-json\/wp\/v2\/types\/post"}],"author":[{"embeddable":true,"href":"https:\/\/kristall.ch\/fr\/wp-json\/wp\/v2\/users\/3"}],"replies":[{"embeddable":true,"href":"https:\/\/kristall.ch\/fr\/wp-json\/wp\/v2\/comments?post=6842"}],"version-history":[{"count":0,"href":"https:\/\/kristall.ch\/fr\/wp-json\/wp\/v2\/posts\/6842\/revisions"}],"wp:featuredmedia":[{"embeddable":true,"href":"https:\/\/kristall.ch\/fr\/wp-json\/wp\/v2\/media\/6837"}],"wp:attachment":[{"href":"https:\/\/kristall.ch\/fr\/wp-json\/wp\/v2\/media?parent=6842"}],"wp:term":[{"taxonomy":"category","embeddable":true,"href":"https:\/\/kristall.ch\/fr\/wp-json\/wp\/v2\/categories?post=6842"},{"taxonomy":"post_tag","embeddable":true,"href":"https:\/\/kristall.ch\/fr\/wp-json\/wp\/v2\/tags?post=6842"}],"curies":[{"name":"wp","href":"https:\/\/api.w.org\/{rel}","templated":true}]}}